{"id":1092,"date":"2008-08-21T09:29:32","date_gmt":"2008-08-21T07:29:32","guid":{"rendered":"http:\/\/notizblog.org\/?p=1092"},"modified":"2024-04-12T12:21:19","modified_gmt":"2024-04-12T10:21:19","slug":"so-wuerde-sogar-meine-mutter-dataportability-verstehen","status":"publish","type":"post","link":"https:\/\/notiz.blog\/2008\/08\/21\/so-wuerde-sogar-meine-mutter-dataportability-verstehen\/","title":{"rendered":"So w\u00fcrde sogar meine Mutter DataPortability verstehen"},"content":{"rendered":"\n<p>Der Deutschlandfunk hat ein sehr interessantes <a href=\"http:\/\/mrtopf.de\/blog\/podcast\/mein-dataportability-interview-im-deutschlandfunk\/\">Interview mit Christian Scholz<\/a> (ein sehr <a href=\"https:\/\/web.archive.org\/web\/20090219223816\/http:\/\/wiki.dataportability.org:80\/display\/dpmain\/Steering\">engagiertes Mitglied der DataPortability &#8211; Gruppe<\/a>) \u00fcber das Thema <em><a href=\"https:\/\/de.wikipedia.org\/wiki\/Dataportability#Das_Projekt\">DataPortability<\/a><\/em> online gestellt, was ich jedem der sich bisher eher wenig mit dem Thema besch\u00e4ftigt hat, sehr ans Herz lege.<\/p>\n\n\n\n<p>Der Bericht ist sch\u00f6n kurz und leicht verst\u00e4ndlich (auch f\u00fcr Nicht-Geeks) und selbst wenn Christian (aka <a href=\"http:\/\/mrtopf.de\">Mr. Topf<\/a>) nicht der deutsche Sprecher der DP-Gruppe ist, h\u00e4tte er definitiv das Zeug dazu.<\/p>\n\n\n\n<p>Viel Spa\u00df beim h\u00f6ren: <a href=\"https:\/\/www.deutschlandfunk.de\/teilen-und-herrschen.684.de.html?dram:article_id=42217\">Link zum Audiofile<\/a><\/p>\n","protected":false},"excerpt":{"rendered":"<p>Der Deutschlandfunk hat ein sehr interessantes Interview mit Christian Scholz (ein sehr engagiertes Mitglied der DataPortability &#8211; Gruppe) \u00fcber das Thema DataPortability online gestellt, was ich jedem der sich bisher eher wenig mit dem Thema besch\u00e4ftigt hat, sehr ans Herz lege. Der Bericht ist sch\u00f6n kurz und leicht verst\u00e4ndlich (auch f\u00fcr Nicht-Geeks) und selbst wenn [&hellip;]<\/p>\n","protected":false},"author":1,"featured_media":0,"comment_status":"open","ping_status":"open","sticky":false,"template":"","format":"standard","meta":{"webmentions_disabled_pings":false,"webmentions_disabled":false,"activitypub_content_warning":"","activitypub_content_visibility":"","activitypub_max_image_attachments":4,"activitypub_interaction_policy_quote":"anyone","activitypub_status":"federated","footnotes":""},"categories":[2],"tags":[464,478,722,293,213],"class_list":{"0":"post-1092","1":"post","2":"type-post","3":"status-publish","4":"format-standard","6":"category-web","7":"tag-data-portability","8":"tag-dataportability","9":"tag-deutschlandfunk","10":"tag-interview","11":"tag-podcast","12":"h-entry","13":"hentry"},"_links":{"self":[{"href":"https:\/\/notiz.blog\/wp-api\/wp\/v2\/posts\/1092","targetHints":{"allow":["GET"]}}],"collection":[{"href":"https:\/\/notiz.blog\/wp-api\/wp\/v2\/posts"}],"about":[{"href":"https:\/\/notiz.blog\/wp-api\/wp\/v2\/types\/post"}],"author":[{"embeddable":true,"href":"https:\/\/notiz.blog\/wp-api\/wp\/v2\/users\/1"}],"replies":[{"embeddable":true,"href":"https:\/\/notiz.blog\/wp-api\/wp\/v2\/comments?post=1092"}],"version-history":[{"count":1,"href":"https:\/\/notiz.blog\/wp-api\/wp\/v2\/posts\/1092\/revisions"}],"predecessor-version":[{"id":25250,"href":"https:\/\/notiz.blog\/wp-api\/wp\/v2\/posts\/1092\/revisions\/25250"}],"wp:attachment":[{"href":"https:\/\/notiz.blog\/wp-api\/wp\/v2\/media?parent=1092"}],"wp:term":[{"taxonomy":"category","embeddable":true,"href":"https:\/\/notiz.blog\/wp-api\/wp\/v2\/categories?post=1092"},{"taxonomy":"post_tag","embeddable":true,"href":"https:\/\/notiz.blog\/wp-api\/wp\/v2\/tags?post=1092"}],"curies":[{"name":"wp","href":"https:\/\/api.w.org\/{rel}","templated":true}]}}