{"id":14159,"date":"2015-12-07T21:56:35","date_gmt":"2015-12-07T20:56:35","guid":{"rendered":"http:\/\/notizblog.org\/?p=14159"},"modified":"2024-01-29T10:30:43","modified_gmt":"2024-01-29T09:30:43","slug":"10-jahre-notizblog","status":"publish","type":"post","link":"https:\/\/notiz.blog\/2015\/12\/07\/10-jahre-notizblog\/","title":{"rendered":"10 Jahre notizBlog"},"content":{"rendered":"\n<p><strong>&#8230;oder: Warum jeder bloggen sollte!<\/strong><\/p>\n\n\n\n<p>Die Domain <code>notizblog.org<\/code> hab ich zwar schon seit dem 30.05.2005 aber meinen ersten (legend\u00e4ren) <a href=\"https:\/\/notiz.blog\/2005\/12\/07\/mein-erster-eintrag\/\">Blogpost<\/a> schrieb ich exakt vor 10 Jahren!<\/p>\n\n\n\n<p>Ich habe in den ersten Jahren zwar auch <a href=\"https:\/\/notiz.blog\/category\/kult\/\">viel<\/a> <a href=\"https:\/\/notiz.blog\/category\/xbox\/\">Bl\u00f6dsinn<\/a> <a href=\"https:\/\/notiz.blog\/tag\/knut\/\">produziert<\/a>, aber letztendlich bin ich ganz zufrieden und habe meinem Blog sogar eine ganze Menge zu verdanken!<\/p>\n\n\n\n<p>Die Idee zu bloggen kam w\u00e4hrend meines Studiums. Zum Einen weil es hipp\/Web2.0 war und zum Anderen um mich etwas mehr in die Materie bzw. in neue Web-Technologien einzuarbeiten. Alleine die Tatsache dass es ein &#8222;Fremder&#8220; lesen k\u00f6nnte, sollte Motivation genug sein, nicht \u00fcber Dinge zu schreiben, die ich nicht bis ins kleinste Detail verstanden habe. Das hat auch eigentlich ganz gut geklappt, sp\u00e4testens als ich die <a href=\"https:\/\/notiz.blog\/tag\/microformats\/\">Microformats<\/a> f\u00fcr mich entdeckt habe.<\/p>\n\n\n\n<h2 class=\"wp-block-heading\">Microformats und das OpenWeb<\/h2>\n\n\n\n<div class=\"wp-block-image\"><figure class=\"alignright\"><img loading=\"lazy\" decoding=\"async\" width=\"150\" height=\"150\" sizes=\"auto, (max-width: 150px) 100vw, 150px\" src=\"https:\/\/notiz.blog\/wp-content\/uploads\/2007\/03\/mf-white.png\" alt=\"mf-white\" class=\"wp-image-1750\"\/><\/figure><\/div>\n\n\n\n<p>Microformats waren damals noch der &#8222;hei\u00dfe Schei\u00df&#8220; und ich kam schnell in Kontakt mit Sebastian K\u00fcpers (Organisator des ersten Barcamps in Deutschland) und Dennis Bl\u00f6te (einer der zwei Gr\u00fcnder von <a href=\"https:\/\/notiz.blog\/tag\/wevent\/\">Wevent<\/a> und Entwickler von <a href=\"https:\/\/github.com\/dennisreimann\/ioctocat\">iOctocat<\/a>) und das notizBlog wurde in das Kollektivblog &#8222;<a href=\"https:\/\/notiz.blog\/2007\/06\/18\/mikroformate-kollektivblog\/\">microformate.org<\/a>&#8220; aufgenommen.<\/p>\n\n\n\n<p>Microformats sind zwar bis heute eher Nischen-Formate und sprechen nur einen kleinen Entwicklerkreis an. Ich hab mich damals aber riesig gefreut, dass es zumindest einen kleinen Kreis an interessierten gab, die meine Blogposts jetzt regelm\u00e4\u00dfig lasen und ich dar\u00fcber hinaus ein paar wirklich interessante Kontakte kn\u00fcpfen konnte. Seit damals sind au\u00dferdem knapp 220 Artikel \u00fcber Microformats entstanden, also knapp ein Drittel aller bisher ver\u00f6ffentlichten Artikel.<\/p>\n\n\n\n<p>\u00dcber das <a href=\"http:\/\/microformats.org\/wiki\/Main_Page\">Microformats Wiki<\/a> bin ich au\u00dferdem auf andere offenen Standards wie <a href=\"https:\/\/notiz.blog\/tag\/openid\/\">OpenID<\/a> oder <a href=\"https:\/\/notiz.blog\/tag\/oauth\/\">OAuth<\/a> aufmerksam geworden und hab mich auch immer mehr mit <a href=\"https:\/\/notiz.blog\/tag\/dataportability\/\">DataPortability<\/a> und dem <a href=\"https:\/\/notiz.blog\/tag\/openweb\/\">OpenWeb<\/a> besch\u00e4ftigt.<\/p>\n\n\n\n<h2 class=\"wp-block-heading\">YIID<\/h2>\n\n\n\n<p>Mein wachsendes Interesse an DataPortability in Kombination mit dem Social Web, hat dann auch zu meiner ersten <a href=\"https:\/\/web.archive.org\/web\/20090303142639\/http:\/\/blog.yiid.org\/2009\/02\/27\/yiid-technisch\/\">leitenden Position (CTO) bei <abbr title=\"Your Internet ID\">YIID<\/abbr><\/a> gef\u00fchrt, bei der ich mich damals vollkommen austoben durfte:<\/p>\n\n\n\n<blockquote>\n\t<p>Nach drei Wochen harter Arbeit und nach einem sehr langen gestrigen Tag ist Communipedia nun vollst\u00e4ndig in YIID integriert worden. Da nicht alle \u00c4nderungen auf den ersten Blick zu sehen sind, gibt es f\u00fcr die Geeks unter euch vorab mal eine komplette Liste der bisher unterst\u00fctzten offenen Standards:<\/p>\n\t<ul>\n\t\t<li>OpenID (Server- &amp; Client-Seitig)<\/li>\n\t\t<li>OAuth (Server- &amp; Client-Seitig)<\/li>\n\t\t<li>PortableContacts\/OpenSocial (Server- &amp; Client-Seitig)<\/li>\n\t\t<li>Microformats\n\t\t\t<ul>\n\t\t\t\t<li>hCard<\/li>\n\t\t\t\t<li>hCalendar<\/li>\n\t\t\t\t<li>hReview<\/li>\n\t\t\t\t<li>hListing<\/li>\n\t\t\t\t<li>hProduct<\/li>\n\t\t\t\t<li>hAudio<\/li>\n\t\t\t\t<li>hMedia<\/li>\n\t\t\t\t<li><ins datetime=\"2009-03-02T07:45:41+00:00\">XFN<\/ins><\/li>\n\t\t\t\t<li>(Webslices)<\/li>\n\t\t\t<\/ul>\n\t\t<\/li>\n\t\t<li>RDF\n\t\t\t<ul>\n\t\t\t\t<li>FoaF<\/li>\n\t\t\t<\/ul>\n\t\t<\/li>\n\t\t<li>Pavatar<\/li>\n\t\t<li>MicroID<\/li>\n\t\t<li>XRDS\/XRDS-Simple<\/li>\n\t\t<li>OPML<\/li>\n\t\t<li>Open Search<\/li>\n\t\t<li>APML<\/li>\n\t\t<li>RSS<\/li>\n\t<\/ul>\n\t<p>Da YIID aber f\u00fcr jedermann gedacht ist, folgen im laufe der n\u00e4chsten Wochen einige Anwendungsbeispiele und Screencasts wie man sich mit YIID den Web-Alltag schon jetzt erleichtern kann.<\/p>\n<\/blockquote>\n\n\n\n<p>Daneben erlangte YIID ein klein bisschen Weltruhm durch einen Artikel bei <a href=\"https:\/\/mashable.com\/archive\/opendislike-buttons\">Mashable<\/a> und auch Netzwertig und <a href=\"https:\/\/t3n.de\/suche?q=yiid\">t3n<\/a> berichteten regelm\u00e4\u00dfig \u00fcber &#8222;Your Internet ID&#8220;. Aber auch offene Gruppen wie die OpenID Foundation wurden auf YIID aufmerksam.<\/p>\n\n\n\n<div class=\"wp-block-image\"><figure class=\"aligncenter\"><img loading=\"lazy\" decoding=\"async\" width=\"1002\" height=\"505\" sizes=\"auto, (max-width: 700px) 100vw, 700px\" src=\"https:\/\/notiz.blog\/wp-content\/uploads\/2015\/12\/3812e7fb-96e5-4ee9-b608-79a65e327809-large.jpeg\" alt=\"YIID on OpenID.net\" class=\"wp-image-14181\" srcset=\"https:\/\/notiz.blog\/wp-content\/uploads\/2015\/12\/3812e7fb-96e5-4ee9-b608-79a65e327809-large.jpeg 1002w, https:\/\/notiz.blog\/wp-content\/uploads\/2015\/12\/3812e7fb-96e5-4ee9-b608-79a65e327809-large-480x242.jpeg 480w, https:\/\/notiz.blog\/wp-content\/uploads\/2015\/12\/3812e7fb-96e5-4ee9-b608-79a65e327809-large-600x302.jpeg 600w, https:\/\/notiz.blog\/wp-content\/uploads\/2015\/12\/3812e7fb-96e5-4ee9-b608-79a65e327809-large-668x337.jpeg 668w\" \/><\/figure><\/div>\n\n\n\n<p>Au\u00dferdem hatte ich durch das Projekt die M\u00f6glichkeit mich aktiv an der Diskussion zu neuen Formaten wie z.B. <a href=\"https:\/\/notiz.blog\/tag\/oexchange\/\">OExchange<\/a> und <a href=\"http:\/\/activitystrea.ms\">ActivityStrea.ms<\/a> zu beteiligen.<\/p>\n\n\n\n<div class=\"wp-block-image\"><figure class=\"aligncenter\"><img loading=\"lazy\" decoding=\"async\" width=\"1024\" height=\"722\" sizes=\"auto, (max-width: 700px) 100vw, 700px\" src=\"https:\/\/notiz.blog\/wp-content\/uploads\/2015\/12\/091e9219-41e3-4c81-932e-3fe7d9df2c41-large.jpeg\" alt=\"YIID auf OExchange.org\" class=\"wp-image-14183\" srcset=\"https:\/\/notiz.blog\/wp-content\/uploads\/2015\/12\/091e9219-41e3-4c81-932e-3fe7d9df2c41-large.jpeg 1024w, https:\/\/notiz.blog\/wp-content\/uploads\/2015\/12\/091e9219-41e3-4c81-932e-3fe7d9df2c41-large-480x338.jpeg 480w, https:\/\/notiz.blog\/wp-content\/uploads\/2015\/12\/091e9219-41e3-4c81-932e-3fe7d9df2c41-large-600x423.jpeg 600w, https:\/\/notiz.blog\/wp-content\/uploads\/2015\/12\/091e9219-41e3-4c81-932e-3fe7d9df2c41-large-668x471.jpeg 668w\" \/><\/figure><\/div>\n\n\n\n<p>Da ich relativ fr\u00fch meinen Beruf zum Hobby machen konnte, hatte ich noch mehr Stoff zum bloggen und auch noch genug Zeit daf\u00fcr \ud83d\ude42<\/p>\n\n\n\n<h2 class=\"wp-block-heading\">OpenWebPodcast<\/h2>\n\n\n\n<p>Durch mein Blog und die Arbeit an YIID kam Sebastian K\u00fcpers dann ein zweites Mal auf mich zu und wir riefen zusammen mit <a href=\"http:\/\/mrtopf.de\">Christian Scholz<\/a> (Mr.Topf) den <a href=\"http:\/\/openwebpodcast.de\">OpenWebPodcast<\/a> ins Leben.<\/p>\n\n\n\n<div class=\"wp-block-image\"><figure class=\"aligncenter\"><img loading=\"lazy\" decoding=\"async\" width=\"480\" height=\"253\" sizes=\"auto, (max-width: 480px) 100vw, 480px\" src=\"https:\/\/notiz.blog\/wp-content\/uploads\/2008\/10\/twitter-sebastian-kupers-pfefferle-mrtopf-and-i.jpg\" alt=\"twitter-sebastian-kupers-pfefferle-mrtopf-and-i-....jpg\" class=\"wp-image-1211\" srcset=\"https:\/\/notiz.blog\/wp-content\/uploads\/2008\/10\/twitter-sebastian-kupers-pfefferle-mrtopf-and-i.jpg 480w, https:\/\/notiz.blog\/wp-content\/uploads\/2008\/10\/twitter-sebastian-kupers-pfefferle-mrtopf-and-i-300x158.jpg 300w\" \/><\/figure><\/div>\n\n\n\n<p>In den Jahren zwischen 2008 und 2011 entstanden 33 Folgen, und wir hatten eine Menge interessanter G\u00e4ste. \u00dcber den OpenWebPodcast bin ich auch mit <a href=\"https:\/\/macx.io\">David Maciejewski<\/a> <a href=\"http:\/\/openwebpodcast.de\/1872\/lang-lebe-der-openweb-podcast\/\">ins Gespr\u00e4ch gekommen<\/a> wodurch <a href=\"http:\/\/technikwuerze.de\/das-team\/#teammod_mf\">zwei interessante Technikw\u00fcrze Folgen<\/a> entstanden.<\/p>\n\n\n\n<h2 class=\"wp-block-heading\">Webstandards-Magazin\/SCREENGUIDE<\/h2>\n\n\n\n<p>Mein Interesse an- und meine Artikel \u00fcber Microformats haben 2009 dann zu meinem ersten Artikel in einem <a href=\"https:\/\/notiz.blog\/2009\/03\/27\/webstandards-magazin-und-microformats\/\">Print-Magazin<\/a> gef\u00fchrt.<\/p>\n\n\n\n<div class=\"wp-block-image\"><figure class=\"aligncenter\"><img loading=\"lazy\" decoding=\"async\" width=\"480\" height=\"279\" sizes=\"auto, (max-width: 480px) 100vw, 480px\" src=\"https:\/\/notiz.blog\/wp-content\/uploads\/2009\/03\/webstandards-magazin.jpg\" alt=\"webstandards-magazin.jpg\" class=\"wp-image-1439\" srcset=\"https:\/\/notiz.blog\/wp-content\/uploads\/2009\/03\/webstandards-magazin.jpg 480w, https:\/\/notiz.blog\/wp-content\/uploads\/2009\/03\/webstandards-magazin-300x174.jpg 300w\" \/><\/figure><\/div>\n\n\n\n<p>Dank <a href=\"https:\/\/twitter.com\/sprungmarkers\">Sylvia Egger<\/a> (und wahrscheinlich dem OpenWebPodcast) darf ich seit 2009 die Kolumne <strong><em>Pfefferles OpenWeb<\/em><\/strong> schreiben, in der ich einmal im Quartal \u00fcber die Neuigkeiten im OpenWeb berichte. Danke hier auch noch einmal an <a href=\"https:\/\/twitter.com\/Ansgarito\">Ansgar Hein<\/a> (der zuf\u00e4llig auch heute Geburtstag hat), J\u00f6rg Morsbach und <a href=\"http:\/\/nicolaischwarz.de\">Nicolai Schwarz<\/a>, dass ich die Kolumne bis heute schreiben darf und das nahezu ohne jegliche Vorgaben oder Einschr\u00e4nkungen.<\/p>\n\n\n\n<h2 class=\"wp-block-heading\">IndieWeb<\/h2>\n\n\n\n<p>\u00dcber die Jahre ist mir au\u00dferdem bewusst geworden, wie wichtig mir meine eigene Seite ist und wie gerne (wenn auch immer weniger) ich ins Internet schreibe. Ich habe in den 10 Jahren keinen einzigen Artikel auf Facebook und Co. ver\u00f6ffentlicht und die sozialen Netzwerke fast ausschlie\u00dflich (ausgenommen Twitter) dazu genutzt, meine Artikel zu teilen und die <a href=\"https:\/\/notiz.blog\/2008\/08\/14\/friendfeed-ich-haette-gerne-trackbacks\/\">Reaktionen wieder in das WordPress Kommentar-System zur\u00fcck zu f\u00fchren<\/a> (das ist \u00fcbrigens auch Thema meiner Kolumne in Ausgabe 28). Nach dem scheitern von DataPortability, DiSo oder OStatus bin ich umso \u00fcberzeugter dass die IndieWeb Idee funktionieren und auch \u00fcber die n\u00e4chsten Jahre hinweg bestand hat.<\/p>\n\n\n\n<p>Ich m\u00f6chte hier gar nicht weiter auf die Inhalte des IndieWebs eingehen (das habe ich schon <a href=\"https:\/\/notiz.blog\/tag\/indieweb\/\">zur Gen\u00fcge<\/a>), nur so viel: Im Zentrum steht die eigene Webseite und Daten, Bilder und Texte werden ausschlie\u00dflich dort ver\u00f6ffentlicht und dann \u00fcber die sozialen Netzwerke geteilt.<\/p>\n\n\n\n<p>Da mir die Community aus der Seele spricht, habe ich in den letzten drei Jahren viel Herzblut investiert und war sehr aktiv am schreiben und programmieren. Daraus entstanden einige Kolumnen, mein erstes Titel-Thema im SCREENGUIDE Magazin und sogar <a href=\"https:\/\/web.archive.org\/web\/20161028050851\/http:\/\/breitband.deutschlandradiokultur.de\/dezentralisiert-euch\/\">ein Interview im Deutschlandradio<\/a>.<\/p>\n\n\n\n<figure class=\"wp-block-embed is-type-rich is-provider-handler-einbetten\"><div class=\"wp-block-embed__wrapper\">\n<audio class=\"wp-audio-shortcode\" id=\"audio-14159-1\" preload=\"none\" style=\"width: 100%;\" controls=\"controls\"><source type=\"audio\/mpeg\" src=\"http:\/\/ondemand-mp3.dradio.de\/file\/dradio\/2015\/05\/02\/drk_20150502_1340_ea9f7613.mp3?_=1\" \/><a href=\"http:\/\/ondemand-mp3.dradio.de\/file\/dradio\/2015\/05\/02\/drk_20150502_1340_ea9f7613.mp3\">http:\/\/ondemand-mp3.dradio.de\/file\/dradio\/2015\/05\/02\/drk_20150502_1340_ea9f7613.mp3<\/a><\/audio>\n<\/div><\/figure>\n\n\n\n<p>Au\u00dferdem habe ich, aus Mangel an Alternativen (das IndieWeb empfiehlt seinen Seite mit <a href=\"https:\/\/notiz.blog\/2012\/07\/03\/microformats-the-next-generation\/\">Microformats v2<\/a> auszuzeichnen, was von keinem anderen WordPress Theme unterst\u00fctzt wurde), mein erstes <a href=\"https:\/\/notiz.blog\/projects\/sempress\/\">WordPress Theme<\/a> geschrieben, welches dann auch gleich in den <a href=\"https:\/\/notiz.blog\/2013\/04\/18\/sempress-auf-wordpress-com\/\">Pool von WordPress.com<\/a> aufgenommen wurde.<\/p>\n\n\n\n<h2 class=\"wp-block-heading\">Fazit<\/h2>\n\n\n\n<p>Mein Blog hat mich motiviert, mich intensiver mit Themen zu besch\u00e4ftigen. Es hat mir viele neue Ideen und Themen verschafft. Ich habe eine Menge interessanter Menschen kennen gelernt. Ich habe im Beruf davon profitiert. Ich habe zwei gro\u00dfartige Podcasts mit gestalten k\u00f6nnen. Ich habe Artikel f\u00fcr das Webstandards-Magazin\/SCREENGUIDE, die t3n und das PC-Magazin geschrieben. Das Deutschlandradio hat mich um ein Interview gebeten. Ich habe diverse, mehr oder weniger erfolgreiche WordPress Plugins und ein Theme gebaut. Ich hab Pr\u00e4sentationen auf Barcamps und Webmontagen gehalten. Ich hatte sogar diverse Anfragen ob ich nicht ein Fach-Buch ver\u00f6ffentlichen will.<\/p>\n\n\n\n<p>Ich kann jedem nur empfehlen, sein eigenes Weblog zu betreiben. Sicherlich geh\u00f6rt auch ein wenig Gl\u00fcck dazu, dass gerade einer der 10 bis 100 Leser dich f\u00fcr einen Artikel oder ein Radio Interview weiter empfiehlt, aber wenn man nur genug Herzblut und Ehrgeiz mit bringt, wird das schon! Auch wenn ich in den letzten Jahren weniger schreibe, mache ich es immer noch gerne und ich werde mich h\u00fcten, mein Blog dicht zu machen. Irgendwann werde ich sicherlich wieder mehr Zeit finden und vielleicht schaff ich es ja dann noch ins TV \ud83d\ude09<\/p>\n","protected":false},"excerpt":{"rendered":"<p>&#8230;oder: Warum jeder bloggen sollte! Die Domain notizblog.org hab ich zwar schon seit dem 30.05.2005 aber meinen ersten (legend\u00e4ren) Blogpost schrieb ich exakt vor 10 Jahren! Ich habe in den ersten Jahren zwar auch viel Bl\u00f6dsinn produziert, aber letztendlich bin ich ganz zufrieden und habe meinem Blog sogar eine ganze Menge zu verdanken! Die Idee [&hellip;]<\/p>\n","protected":false},"author":1,"featured_media":14163,"comment_status":"open","ping_status":"open","sticky":false,"template":"","format":"standard","meta":{"webmentions_disabled_pings":false,"webmentions_disabled":false,"activitypub_content_warning":"","activitypub_content_visibility":"","activitypub_max_image_attachments":4,"activitypub_interaction_policy_quote":"anyone","activitypub_status":"","footnotes":""},"categories":[1,2],"tags":[1027,1029,5171,1028,992,59,791],"class_list":{"0":"post-14159","1":"post","2":"type-post","3":"status-publish","4":"format-standard","5":"has-post-thumbnail","7":"category-journal","8":"category-web","9":"tag-10-jahre","10":"tag-birthday","11":"tag-fediblog","12":"tag-happy-birthday","13":"tag-indieweb","14":"tag-notizblog","15":"tag-openweb","16":"h-entry","17":"hentry"},"_links":{"self":[{"href":"https:\/\/notiz.blog\/wp-api\/wp\/v2\/posts\/14159","targetHints":{"allow":["GET"]}}],"collection":[{"href":"https:\/\/notiz.blog\/wp-api\/wp\/v2\/posts"}],"about":[{"href":"https:\/\/notiz.blog\/wp-api\/wp\/v2\/types\/post"}],"author":[{"embeddable":true,"href":"https:\/\/notiz.blog\/wp-api\/wp\/v2\/users\/1"}],"replies":[{"embeddable":true,"href":"https:\/\/notiz.blog\/wp-api\/wp\/v2\/comments?post=14159"}],"version-history":[{"count":5,"href":"https:\/\/notiz.blog\/wp-api\/wp\/v2\/posts\/14159\/revisions"}],"predecessor-version":[{"id":24843,"href":"https:\/\/notiz.blog\/wp-api\/wp\/v2\/posts\/14159\/revisions\/24843"}],"wp:featuredmedia":[{"embeddable":true,"href":"https:\/\/notiz.blog\/wp-api\/wp\/v2\/media\/14163"}],"wp:attachment":[{"href":"https:\/\/notiz.blog\/wp-api\/wp\/v2\/media?parent=14159"}],"wp:term":[{"taxonomy":"category","embeddable":true,"href":"https:\/\/notiz.blog\/wp-api\/wp\/v2\/categories?post=14159"},{"taxonomy":"post_tag","embeddable":true,"href":"https:\/\/notiz.blog\/wp-api\/wp\/v2\/tags?post=14159"}],"curies":[{"name":"wp","href":"https:\/\/api.w.org\/{rel}","templated":true}]}}