{"id":20384,"date":"2020-09-10T23:23:56","date_gmt":"2020-09-10T21:23:56","guid":{"rendered":"https:\/\/notiz.blog\/?p=20384"},"modified":"2022-12-05T11:51:20","modified_gmt":"2022-12-05T10:51:20","slug":"wp-meetup-stuttgart-indieweb-und-wordpress","status":"publish","type":"post","link":"https:\/\/notiz.blog\/2020\/09\/10\/wp-meetup-stuttgart-indieweb-und-wordpress\/","title":{"rendered":"WP Meetup Stuttgart \u2013 IndieWeb und WordPress"},"content":{"rendered":"\n<p>Ich war am <a class=\"u-like u-like-of\" rel=\"like\" href=\"https:\/\/wpmeetup-stuttgart.de\/2020\/indieweb-wordpress\/\" type=\"URL\" id=\"https:\/\/wpmeetupstuttgart.de\/2020\/indieweb-wordpress\/\">05. August<\/a> zu Besuch beim <a href=\"https:\/\/wpmeetupstuttgart.de\/\" data-type=\"URL\" data-id=\"https:\/\/wpmeetupstuttgart.de\/\">WordPress Meetup in Stuttgart<\/a> um \u00fcber das IndieWeb und WordPress zu sprechen. Wer es nicht sehen konnte, kann das hier nachholen:<\/p>\n\n\n\n<figure class=\"wp-block-embed alignwide is-type-video is-provider-wordpress-tv wp-block-embed-wordpress-tv wp-embed-aspect-16-9 wp-has-aspect-ratio\"><div class=\"wp-block-embed__wrapper\">\n\t\t<div class=\"embed-privacy-container is-disabled embed-wordpress-tv\" data-embed-id=\"oembed_8f81a229063ccff8cdb8a62b6a6a680e\" data-embed-provider=\"wordpress-tv\" style=\"background-image: url(https:\/\/notiz.blog\/wp-content\/uploads\/embed-privacy\/thumbnails\/wordpress-tv-5a8fTXE4.jpg?ver=1.12.3); aspect-ratio: 700\/394;\">\t\t\t\t\t\t<button type=\"button\" class=\"embed-privacy-enable screen-reader-text\">\u201eVideoPress Video Player\u201c von WordPress.tv anzeigen<\/button>\t\t\t\t\t\t<div class=\"embed-privacy-overlay\">\t\t\t\t<div class=\"embed-privacy-inner\">\t\t\t\t\t<div class=\"embed-privacy-logo\" style=\"background-image: url(https:\/\/notiz.blog\/wp-content\/plugins\/embed-privacy\/assets\/images\/embed-wordpress-tv.png?ver=1.12.3);\"><\/div>\t\t<p>\t\tHier klicken, um den Inhalt von WordPress.tv anzuzeigen.\t\t\t\t\t<br>\t\t\t\t\tErfahre mehr in der <a href=\"https:\/\/de.wordpress.org\/about\/privacy\/\" target=\"_blank\">Datenschutzerkl\u00e4rung von WordPress.tv<\/a>.\t\t<\/p>\t\t<p class=\"embed-privacy-input-wrapper\">\t\t\t<input id=\"embed-privacy-store-wordpress-tv-8f81a229063ccff8cdb8a62b6a6a680e\" type=\"checkbox\" value=\"1\" class=\"embed-privacy-input\" data-embed-provider=\"wordpress-tv\">\t\t\t<label for=\"embed-privacy-store-wordpress-tv-8f81a229063ccff8cdb8a62b6a6a680e\" class=\"embed-privacy-label\" data-embed-provider=\"wordpress-tv\">\t\t\t\tInhalt von WordPress.tv immer anzeigen\t\t\t<\/label>\t\t<\/p>\t\t\t\t\t\t<\/div>\t\t\t\t\t\t\t\t<div class=\"embed-privacy-footer\"><span class=\"embed-privacy-url\"><a href=\"https:\/\/wordpress.tv\/2020\/11\/09\/matthias-pfefferle-indieweb\/\">\u201eVideoPress Video Player\u201c direkt \u00f6ffnen<\/a><\/span><\/div>\t\t\t<\/div>\t\t\t\t\t\t<div class=\"embed-privacy-content\">\t\t\t\t<script>var _oembed_8f81a229063ccff8cdb8a62b6a6a680e = '{\\\"embed\\\":\\\"&lt;iframe title=&quot;VideoPress Video Player&quot; aria-label=&#039;VideoPress Video Player&#039; width=&#039;700&#039; height=&#039;394&#039; src=&#039;https:\\\\\/\\\\\/video.wordpress.com\\\\\/embed\\\\\/5a8fTXE4?hd=1&amp;amp;cover=1&#039; frameborder=&#039;0&#039; allowfullscreen allow=&#039;clipboard-write&#039;&gt;&lt;\\\\\/iframe&gt;&lt;script src=&#039;https:\\\\\/\\\\\/v0.wordpress.com\\\\\/js\\\\\/next\\\\\/videopress-iframe.js?m=1770107250&#039;&gt;&lt;\\\\\/script&gt;\\\"}';<\/script>\t\t\t<\/div>\t\t<\/div>\t\t\n<\/div><\/figure>\n\n\n\n<p>Ein gro\u00dfer Teil des Vortrags war eine Live-Demo, die nicht immer ganz perfekt geklappt hat, aber es war ein Versuch. N\u00e4chstes Mal wird besser&#8230; Versprochen \ud83d\ude09<\/p>\n","protected":false},"excerpt":{"rendered":"<p>Ich war am 05. August zu Besuch beim WordPress Meetup in Stuttgart um \u00fcber das IndieWeb und WordPress zu sprechen. Wer es nicht sehen konnte, kann das hier nachholen: Ein gro\u00dfer Teil des Vortrags war eine Live-Demo, die nicht immer ganz perfekt geklappt hat, aber es war ein Versuch. N\u00e4chstes Mal wird besser&#8230; Versprochen \ud83d\ude09<\/p>\n","protected":false},"author":1,"featured_media":0,"comment_status":"open","ping_status":"open","sticky":false,"template":"","format":"video","meta":{"webmentions_disabled_pings":false,"webmentions_disabled":false,"activitypub_content_warning":"","activitypub_content_visibility":"","activitypub_max_image_attachments":4,"activitypub_interaction_policy_quote":"anyone","activitypub_status":"","footnotes":""},"categories":[2,946],"tags":[992,1157,1144,57],"class_list":{"0":"post-20384","1":"post","2":"type-post","3":"status-publish","4":"format-video","6":"category-web","7":"category-wordpress","8":"tag-indieweb","9":"tag-meetup","10":"tag-stuttgart","11":"tag-wordpress","12":"post_format-post-format-video","13":"h-entry","14":"hentry"},"_links":{"self":[{"href":"https:\/\/notiz.blog\/wp-api\/wp\/v2\/posts\/20384","targetHints":{"allow":["GET"]}}],"collection":[{"href":"https:\/\/notiz.blog\/wp-api\/wp\/v2\/posts"}],"about":[{"href":"https:\/\/notiz.blog\/wp-api\/wp\/v2\/types\/post"}],"author":[{"embeddable":true,"href":"https:\/\/notiz.blog\/wp-api\/wp\/v2\/users\/1"}],"replies":[{"embeddable":true,"href":"https:\/\/notiz.blog\/wp-api\/wp\/v2\/comments?post=20384"}],"version-history":[{"count":5,"href":"https:\/\/notiz.blog\/wp-api\/wp\/v2\/posts\/20384\/revisions"}],"predecessor-version":[{"id":22373,"href":"https:\/\/notiz.blog\/wp-api\/wp\/v2\/posts\/20384\/revisions\/22373"}],"wp:attachment":[{"href":"https:\/\/notiz.blog\/wp-api\/wp\/v2\/media?parent=20384"}],"wp:term":[{"taxonomy":"category","embeddable":true,"href":"https:\/\/notiz.blog\/wp-api\/wp\/v2\/categories?post=20384"},{"taxonomy":"post_tag","embeddable":true,"href":"https:\/\/notiz.blog\/wp-api\/wp\/v2\/tags?post=20384"}],"curies":[{"name":"wp","href":"https:\/\/api.w.org\/{rel}","templated":true}]}}