{"id":20398,"date":"2020-10-05T22:21:31","date_gmt":"2020-10-05T20:21:31","guid":{"rendered":"https:\/\/notiz.blog\/?p=20398"},"modified":"2020-10-05T22:24:44","modified_gmt":"2020-10-05T20:24:44","slug":"blocktober","status":"publish","type":"post","link":"https:\/\/notiz.blog\/2020\/10\/05\/blocktober\/","title":{"rendered":"#blocktober"},"content":{"rendered":"\n<p><strong>Ich hab WhatsApp gel\u00f6scht!<\/strong><\/p>\n\n\n\n<p>Facebook ist mir ja schon l\u00e4nger ein Dorn im Auge und vor ein paar Wochen hat <a href=\"https:\/\/chat.indieweb.org\/2020-09-13\/1600035511205600\">Tantek \u00c7elik im IndieWeb Chat<\/a> folgendes vorgeschlagen:<\/p>\n\n\n\n<blockquote class=\"wp-block-quote is-layout-flow wp-block-quote-is-layout-flow\"><p>Just suggested &#8222;Blocktober&#8220; for October as a CTA for The Social Dilemma, as in, make your October the month you Blocktober social media<\/p><\/blockquote>\n\n\n\n<p>Perfekte Gelegenheit! <\/p>\n\n\n\n<p>Ich hab schon vor knapp zwei Jahren <a href=\"https:\/\/notiz.blog\/2018\/11\/22\/facebook\/\" data-type=\"URL\" data-id=\"https:\/\/notiz.blog\/2018\/11\/22\/facebook\/\">meinen Facebook und Instagram Account gel\u00f6scht<\/a> aber WhatsApp ist mir bisher wirklich schwer gefallen.<\/p>\n\n\n\n<p>Die Entwicklung (Rechtsruck, Alternative Fakten, Verschw\u00f6rungstheorien) der letzten Jahre hat das ge\u00e4ndert. Facebook ist sicherlich nicht die Ursache dieser Entwicklung, aber ist ein wesentlicher Verst\u00e4rker!<\/p>\n\n\n\n<p>Mit seinen Algorithmen und Echo-Chambers, mit seinen Regeln und seinem eigenem kleinen \u00d6kosystem sorgt <a href=\"https:\/\/www.spiegel.de\/netzwelt\/netzpolitik\/filterblase-radikalisierung-auf-facebook-a-1073450.html\" data-type=\"URL\" data-id=\"https:\/\/www.spiegel.de\/netzwelt\/netzpolitik\/filterblase-radikalisierung-auf-facebook-a-1073450.html\">Facebook f\u00fcr eine Radikalisierung seiner Nutzer<\/a>, <a href=\"https:\/\/www.eff.org\/de\/deeplinks\/2014\/09\/facebooks-real-name-policy-can-cause-real-world-harm-lgbtq-community\">es diskriminiert<\/a>, <a href=\"https:\/\/www.spiegel.de\/netzwelt\/web\/facebook-steuert-ueber-manipulierte-timeline-emotionen-seiner-nutzer-a-973132.html\">es experimentiert mit der Psyche<\/a>, <a href=\"https:\/\/www.buzzfeednews.com\/article\/ryanmac\/facebook-failed-kenosha\">es duldet Aufrufe zum Mord<\/a>, <a href=\"https:\/\/www.youtube.com\/watch?v=VLdN0fpv0rM\">es verkauft Drogen<\/a>, <a href=\"https:\/\/netzpolitik.org\/2019\/wahlmanipulation-und-falschmeldungen-facebook-rueckt-versprochene-forschungsdaten-nicht-raus\/\" data-type=\"URL\" data-id=\"https:\/\/netzpolitik.org\/2019\/wahlmanipulation-und-falschmeldungen-facebook-rueckt-versprochene-forschungsdaten-nicht-raus\/\">es manipuliert<\/a> und <a href=\"https:\/\/techcrunch.com\/2019\/01\/29\/facebook-project-atlas\/\">es \u00fcberwacht<\/a>.<\/p>\n\n\n\n<p>Warum f\u00e4llt es uns trotz dieser \u00dcberschriften so schwer Facebook, Instagram oder WhatsApp zu l\u00f6schen?<\/p>\n\n\n\n<p>Tim Kendall, der ehemalige &#8222;Director of Monetization&#8220; von Facebook schreibt folgendes \u00fcber seinen ehemaligen Arbeitgeber:<\/p>\n\n\n\n<blockquote class=\"wp-block-quote is-layout-flow wp-block-quote-is-layout-flow\"><p>We took a page from Big Tobacco&#8217;s playbook, working to make our offering addictive at the outset. The social media services that I and others have built over the past 15 years have served to tear people apart with alarming speed and intensity. At the very least, we have eroded our collective understanding \u2014 at worst, I fear we are pushing ourselves to the brink of a civil war.<\/p><cite><a href=\"https:\/\/www.businessinsider.com\/former-facebook-exec-addictive-as-cigarettes-tim-kendall-2020-9?r=DE&amp;IR=T\">businessinsider.com<\/a><\/cite><\/blockquote>\n\n\n\n<p><strong>Facebook macht s\u00fcchtig!<\/strong> Pubertierende definieren sich \u00fcber ihre Instagram Profile, ihre gro\u00dfen Geschwister haben nahezu ihr ganzes Leben auf Facebook ver\u00f6ffentlicht und ihre Eltern planen die Elternabende \u00fcber WhatsApp. Egal welches Alter, ohne Facebook &amp; Co. erf\u00e4hrt man Ausgrenzung.<\/p>\n\n\n\n<p>Da ich so langsam in die letzte Kategorie rutsche, war es f\u00fcr mich besonders schwer WhatsApp zu ersetzen. Einzelne Kontakte waren einfach zu \u00fcberzeugen auf eine andere App zu wechseln, aber f\u00fcr viele WhatsApp Gruppen habe ich bisher keine Alternative. Ein Freund meinte, dass ich mit meiner Aktion andere indirekt zwingen w\u00fcrde, mich auf alternativen Wegen zu kontaktieren&#8230; Perfekt! Vielleicht schaffe ich es ja sogar, dass sie das Medium komplett wechseln!<\/p>\n\n\n\n<p>Mit WhatsApp l\u00f6sche ich auf alle F\u00e4lle meine letzte Facebook App! &#8230;<a href=\"https:\/\/netzpolitik.org\/2018\/ob-nutzer-oder-nicht-facebook-legt-schattenprofile-ueber-alle-an\/\" data-type=\"URL\" data-id=\"https:\/\/netzpolitik.org\/2018\/ob-nutzer-oder-nicht-facebook-legt-schattenprofile-ueber-alle-an\/\">auch wenn das Facebook nur wenig interessieren wird<\/a>!<\/p>\n\n\n\n<p><strong>Noch ein Grund mehr!<\/strong><\/p>\n","protected":false},"excerpt":{"rendered":"<p>Ich hab WhatsApp gel\u00f6scht! Facebook ist mir ja schon l\u00e4nger ein Dorn im Auge und vor ein paar Wochen hat Tantek \u00c7elik im IndieWeb Chat folgendes vorgeschlagen: Just suggested &#8222;Blocktober&#8220; for October as a CTA for The Social Dilemma, as in, make your October the month you Blocktober social media Perfekte Gelegenheit! Ich hab schon [&hellip;]<\/p>\n","protected":false},"author":1,"featured_media":0,"comment_status":"open","ping_status":"open","sticky":false,"template":"","format":"standard","meta":{"webmentions_disabled_pings":false,"webmentions_disabled":false,"activitypub_content_warning":"","activitypub_content_visibility":"","activitypub_max_image_attachments":4,"activitypub_interaction_policy_quote":"anyone","activitypub_status":"","footnotes":""},"categories":[2],"tags":[1145,1146,1147,1148,480,5171,992],"class_list":{"0":"post-20398","1":"post","2":"type-post","3":"status-publish","4":"format-standard","6":"category-web","7":"tag-deletefacebook","8":"tag-deleteinstagram","9":"tag-deletewhatsapp","10":"tag-blocktober","11":"tag-facebook","12":"tag-fediblog","13":"tag-indieweb","14":"h-entry","15":"hentry"},"_links":{"self":[{"href":"https:\/\/notiz.blog\/wp-api\/wp\/v2\/posts\/20398","targetHints":{"allow":["GET"]}}],"collection":[{"href":"https:\/\/notiz.blog\/wp-api\/wp\/v2\/posts"}],"about":[{"href":"https:\/\/notiz.blog\/wp-api\/wp\/v2\/types\/post"}],"author":[{"embeddable":true,"href":"https:\/\/notiz.blog\/wp-api\/wp\/v2\/users\/1"}],"replies":[{"embeddable":true,"href":"https:\/\/notiz.blog\/wp-api\/wp\/v2\/comments?post=20398"}],"version-history":[{"count":5,"href":"https:\/\/notiz.blog\/wp-api\/wp\/v2\/posts\/20398\/revisions"}],"predecessor-version":[{"id":20426,"href":"https:\/\/notiz.blog\/wp-api\/wp\/v2\/posts\/20398\/revisions\/20426"}],"wp:attachment":[{"href":"https:\/\/notiz.blog\/wp-api\/wp\/v2\/media?parent=20398"}],"wp:term":[{"taxonomy":"category","embeddable":true,"href":"https:\/\/notiz.blog\/wp-api\/wp\/v2\/categories?post=20398"},{"taxonomy":"post_tag","embeddable":true,"href":"https:\/\/notiz.blog\/wp-api\/wp\/v2\/tags?post=20398"}],"curies":[{"name":"wp","href":"https:\/\/api.w.org\/{rel}","templated":true}]}}