{"id":22640,"date":"2023-06-02T00:17:53","date_gmt":"2023-06-01T22:17:53","guid":{"rendered":"https:\/\/notiz.blog\/?p=22640"},"modified":"2023-08-11T10:49:32","modified_gmt":"2023-08-11T08:49:32","slug":"20-jahre","status":"publish","type":"post","link":"https:\/\/notiz.blog\/2023\/06\/02\/20-jahre\/","title":{"rendered":"20 Jahre"},"content":{"rendered":"\n<p>WordPress wurde 20 Jahre alt! <strong>20 Jahre<\/strong>!<\/p>\n\n\n\n<p>Vor etwas mehr als 20 Jahren bin ich \u00fcber Brett Taylors wunderbar nerdiges Blog gestolpert: <a href=\"https:\/\/web.archive.org\/web\/20020126061307\/http:\/\/webfroot.co.nz\/\">webfroot.co.nz<\/a><\/p>\n\n\n\n<p><a href=\"https:\/\/web.archive.org\/web\/20020615205931\/http:\/\/www.webfroot.co.nz\/index.php?p=13&amp;c=1\" data-type=\"URL\" data-id=\"https:\/\/web.archive.org\/web\/20020615205931\/http:\/\/www.webfroot.co.nz\/index.php?p=13&amp;c=1\">Am 04. April 2002 schreibt Brett<\/a>: &#8222;News script is powered by <a href=\"https:\/\/web.archive.org\/web\/20020615205931\/http:\/\/www.cafelog.com\/\">b2<\/a>, allowing for an <a href=\"https:\/\/web.archive.org\/web\/20020615205931\/http:\/\/www.webfroot.co.nz\/b2\/b2rss.xml\">RSS XML<\/a>, better <a href=\"https:\/\/web.archive.org\/web\/20020615205931\/http:\/\/www.webfroot.co.nz\/archive.php\">archive<\/a> system, and improved comments system too.&#8220;<\/p>\n\n\n\n<p>Das war Inspiration genug um einen Monat sp\u00e4ter mit meinem eigenen kleinen b2 Blog an den Start zu gehen.<\/p>\n\n\n\n<p>Mittlerweile begleitet mich das kleine st\u00fcckchen PHP-Code fast mein halbes Leben und ich h\u00e4tte nie daran gedacht, dass ich mit meinem Hobby-Projekt irgendwann mein Geld verdienen w\u00fcrde!<\/p>\n\n\n\n<p>Happy Birthday WordPress!<\/p>\n\n\n\n<h2 class=\"wp-block-heading\">&#8222;The early years&#8220;<\/h2>\n\n\n\n<p><a href=\"https:\/\/notiz.blog\/2018\/06\/19\/15-jahre-wordpress\/\" data-type=\"URL\" data-id=\"https:\/\/notiz.blog\/2018\/06\/19\/15-jahre-wordpress\/\">Zum 15. Jubil\u00e4um<\/a> habe ich angefangen meine &#8222;<a href=\"https:\/\/profiles.wordpress.org\/pfefferle\/\" data-type=\"URL\" data-id=\"https:\/\/profiles.wordpress.org\/pfefferle\/\">WordPress Origin Story<\/a>&#8220; zu dokumentieren. Der Vollst\u00e4ndigkeit halber hier also die folgenden 5 Jahre \ud83d\ude09<\/p>\n\n\n\n<h2 class=\"wp-block-heading\">2019<\/h2>\n\n\n\n<p>2019 stand im Zeichen des <a href=\"https:\/\/de.wordpress.org\/plugins\/activitypub\/\" data-type=\"URL\" data-id=\"https:\/\/de.wordpress.org\/plugins\/activitypub\/\">ActivityPub Plugins<\/a>. H\u00e4tte ich damals gewusst&#8230; \ud83d\ude09<\/p>\n\n\n\n<figure class=\"wp-block-embed is-type-wp-embed is-provider-notizblog wp-block-embed-notizblog\"><div class=\"wp-block-embed__wrapper\">\n<blockquote class=\"wp-embedded-content\" data-secret=\"0D08iPcOC2\"><a href=\"https:\/\/notiz.blog\/2019\/09\/26\/hello-fediverse\/\"><\/a><\/blockquote><iframe loading=\"lazy\" class=\"wp-embedded-content\" sandbox=\"allow-scripts\" security=\"restricted\" style=\"position: absolute; visibility: hidden;\" title=\"&#8222;&#8220; &#8211; notizBlog\" src=\"https:\/\/notiz.blog\/2019\/09\/26\/hello-fediverse\/embed\/#?secret=7wfWa75yLL#?secret=0D08iPcOC2\" data-secret=\"0D08iPcOC2\" width=\"600\" height=\"338\" frameborder=\"0\" marginwidth=\"0\" marginheight=\"0\" scrolling=\"no\"><\/iframe>\n<\/div><\/figure>\n\n\n\n<h2 class=\"wp-block-heading\">2020<\/h2>\n\n\n\n<p>W\u00e4hrend meinen 7++ Jahren bei IONOS hatte ich nebenher immer mal wieder mit WordPress zu tun. 2020 bekam ich aber die M\u00f6glichkeit, mit einem kleinen Team zusammen, das WordPress Hosting neu\/mit zu gestalten. Aus diesem kleinen dreik\u00f6pfigen WordPress-Team wurde in den folgenden drei Jahren ein gro\u00dfartiges Haufen von 15+ Personen (inklusive Support, PO, PM, &#8230;).<\/p>\n\n\n\n<figure class=\"wp-block-image alignwide size-large\"><img data-dominant-color=\"f4f5f6\" data-has-transparency=\"true\" style=\"--dominant-color: #f4f5f6;\" loading=\"lazy\" decoding=\"async\" width=\"900\" height=\"463\" sizes=\"auto, (max-width: 900px) 100vw, 900px\" src=\"https:\/\/notiz.blog\/wp-content\/uploads\/2023\/06\/five-for-the-future-900x463.png\" alt=\"\" class=\"wp-image-22686 has-transparency\" srcset=\"https:\/\/notiz.blog\/wp-content\/uploads\/2023\/06\/five-for-the-future-900x463.png 900w, https:\/\/notiz.blog\/wp-content\/uploads\/2023\/06\/five-for-the-future-700x360.png 700w, https:\/\/notiz.blog\/wp-content\/uploads\/2023\/06\/five-for-the-future-768x395.png 768w, https:\/\/notiz.blog\/wp-content\/uploads\/2023\/06\/five-for-the-future-1536x790.png 1536w, https:\/\/notiz.blog\/wp-content\/uploads\/2023\/06\/five-for-the-future-2048x1053.png 2048w\" \/><\/figure>\n\n\n\n<p>Neben dem <em>daily business<\/em> haben wir IONOS in dieser Zeit ein kleines bisschen n\u00e4her an die Community &#8222;geschubst&#8220; (zumindest rede ich mir das ein \ud83d\ude09 ). Wir haben einen <a href=\"https:\/\/github.com\/IONOS-WordPress\" data-type=\"URL\" data-id=\"https:\/\/github.com\/IONOS-WordPress\">GitHub Account<\/a> gestartet, den Entwicklern Zeit f\u00fcr die <a href=\"https:\/\/wordpress.org\/five-for-the-future\/pledge\/ionos\/\" data-type=\"URL\" data-id=\"https:\/\/wordpress.org\/five-for-the-future\/pledge\/ionos\/\">Five for the Future<\/a> Initiative frei ger\u00e4umt und IONOS wurde Teil der <a href=\"https:\/\/make.wordpress.org\/hosting\/test-results\/r49762\/ionosbot-r49762\/\" data-type=\"URL\" data-id=\"https:\/\/make.wordpress.org\/hosting\/test-results\/r49762\/ionosbot-r49762\/\">(Make) Hosting Community<\/a>.<\/p>\n\n\n\n<p>In diesem Zuge habe ich mich auch pers\u00f6nlich engagiert und daf\u00fcr im Juni das <a href=\"https:\/\/make.wordpress.org\/hosting\/2020\/06\/22\/hosting-chat-recap-wednesday-june-17-2020\/\" data-type=\"URL\" data-id=\"https:\/\/make.wordpress.org\/hosting\/2020\/06\/22\/hosting-chat-recap-wednesday-june-17-2020\/\">Hosting Team Badge<\/a> &#8222;verliehen&#8220; bekommen.<\/p>\n\n\n\n<h2 class=\"wp-block-heading\">2021<\/h2>\n\n\n\n<p>Mein aktivstes Jahr beim <a href=\"https:\/\/pluginkollektiv.org\/\" data-type=\"URL\" data-id=\"https:\/\/pluginkollektiv.org\/\">Pluginkollektiv<\/a>. Ich mag die Idee und sch\u00e4tze die Plugins sehr! Ich hoffe ich finde in Zukunft wieder etwas mehr Zeit f\u00fcr das Kollektiv, immerhin arbeite ich ja jetzt hauptberuflich an ActivityPub &amp; Co. und brauche deshalb wieder ein neues Hobbie\/Freizeitprojekt \ud83d\ude09<\/p>\n\n\n\n<h2 class=\"wp-block-heading\">2022<\/h2>\n\n\n\n<p>Im M\u00e4rz fand der CloudFest Hackathon im Europa-Park statt und ich hatte die Chance, ein Thema zu betreuen. Drei Tage WordPress, IndieWeb und Webmentions &lt;3<\/p>\n\n\n\n<figure class=\"wp-block-embed is-type-wp-embed is-provider-notizblog wp-block-embed-notizblog\"><div class=\"wp-block-embed__wrapper\">\n<blockquote class=\"wp-embedded-content\" data-secret=\"3edLxIhXl4\"><a href=\"https:\/\/notiz.blog\/2022\/04\/03\/cloudfest-2022-hackathon-indieweb-for-wordpress\/\">CloudFest Hackathon:  WordPress and the IndieWeb<\/a><\/blockquote><iframe loading=\"lazy\" class=\"wp-embedded-content\" sandbox=\"allow-scripts\" security=\"restricted\" style=\"position: absolute; visibility: hidden;\" title=\"&#8222;CloudFest Hackathon:  WordPress and the IndieWeb&#8220; &#8211; notizBlog\" src=\"https:\/\/notiz.blog\/2022\/04\/03\/cloudfest-2022-hackathon-indieweb-for-wordpress\/embed\/#?secret=f11Dn0pkgQ#?secret=3edLxIhXl4\" data-secret=\"3edLxIhXl4\" width=\"600\" height=\"338\" frameborder=\"0\" marginwidth=\"0\" marginheight=\"0\" scrolling=\"no\"><\/iframe>\n<\/div><\/figure>\n\n\n\n<h2 class=\"wp-block-heading\">2023<\/h2>\n\n\n\n<p>&#8230;und meine gro\u00dfe Klappe auf Twitter, hat daf\u00fcr gesorgt, dass ich seit diesem Jahr einen neuen Job habe.<\/p>\n\n\n\n<figure class=\"wp-block-image aligncenter size-medium\"><img data-dominant-color=\"ebedef\" data-has-transparency=\"true\" style=\"--dominant-color: #ebedef;\" loading=\"lazy\" decoding=\"async\" width=\"700\" height=\"386\" sizes=\"auto, (max-width: 700px) 100vw, 700px\" src=\"https:\/\/notiz.blog\/wp-content\/uploads\/2023\/06\/tumblr-wordpress-activitypub-700x386.png\" alt=\"\" class=\"wp-image-22690 has-transparency\" srcset=\"https:\/\/notiz.blog\/wp-content\/uploads\/2023\/06\/tumblr-wordpress-activitypub-700x386.png 700w, https:\/\/notiz.blog\/wp-content\/uploads\/2023\/06\/tumblr-wordpress-activitypub-900x496.png 900w, https:\/\/notiz.blog\/wp-content\/uploads\/2023\/06\/tumblr-wordpress-activitypub-768x423.png 768w, https:\/\/notiz.blog\/wp-content\/uploads\/2023\/06\/tumblr-wordpress-activitypub.png 1114w\" \/><\/figure>\n\n\n\n<p>Seit April darf ich mich <em>from 9 to 5<\/em> mit dem &#8222;Open Web&#8220; besch\u00e4ftigen und bekomme daf\u00fcr auch noch Geld!<\/p>\n\n\n\n<p>Vielen Dank <a href=\"https:\/\/ma.tt\/\" data-type=\"URL\" data-id=\"https:\/\/ma.tt\/\">Matt<\/a> und vielen Dank <a href=\"https:\/\/automattic.com\" data-type=\"URL\" data-id=\"https:\/\/automattic.com\">Automattic<\/a>!<\/p>\n\n\n\n<p>&#8230;dazu aber sp\u00e4ter nochmal mehr \ud83d\ude42<\/p>\n\n\n\n<h2 class=\"wp-block-heading\">&#8230;<\/h2>\n\n\n\n<p>Ich bin gespannt was dieses Jahr noch mit sich bringt und wie die Zukunft von WordPress aussieht. <\/p>\n\n\n\n<p>Wenn es nach mir ginge, dann w\u00fcrde daraus ein &#8222;open, portable, interoperable, small, social, synaptic, semantic, structured, distributed, (re-)decentralized, independent, microformatted and federated social&#8220; WordPress \ud83d\ude09<\/p>\n","protected":false},"excerpt":{"rendered":"<p>WordPress wurde 20 Jahre alt! 20 Jahre! Vor etwas mehr als 20 Jahren bin ich \u00fcber Brett Taylors wunderbar nerdiges Blog gestolpert: webfroot.co.nz Am 04. April 2002 schreibt Brett: &#8222;News script is powered by b2, allowing for an RSS XML, better archive system, and improved comments system too.&#8220; Das war Inspiration genug um einen Monat [&hellip;]<\/p>\n","protected":false},"author":1,"featured_media":22641,"comment_status":"open","ping_status":"open","sticky":false,"template":"","format":"standard","meta":{"webmentions_disabled_pings":false,"webmentions_disabled":false,"activitypub_content_warning":"","activitypub_content_visibility":"","activitypub_max_image_attachments":4,"activitypub_interaction_policy_quote":"anyone","activitypub_status":"","footnotes":""},"categories":[1,2,946],"tags":[1080,338,1168,5171,1767,1768,1032],"class_list":{"0":"post-22640","1":"post","2":"type-post","3":"status-publish","4":"format-standard","5":"has-post-thumbnail","7":"category-journal","8":"category-web","9":"category-wordpress","10":"tag-activitypub","11":"tag-automattic","12":"tag-cloudfest","13":"tag-fediblog","14":"tag-ionos","15":"tag-pluginkollektiv","16":"tag-wordcamp","17":"h-entry","18":"hentry"},"_links":{"self":[{"href":"https:\/\/notiz.blog\/wp-api\/wp\/v2\/posts\/22640","targetHints":{"allow":["GET"]}}],"collection":[{"href":"https:\/\/notiz.blog\/wp-api\/wp\/v2\/posts"}],"about":[{"href":"https:\/\/notiz.blog\/wp-api\/wp\/v2\/types\/post"}],"author":[{"embeddable":true,"href":"https:\/\/notiz.blog\/wp-api\/wp\/v2\/users\/1"}],"replies":[{"embeddable":true,"href":"https:\/\/notiz.blog\/wp-api\/wp\/v2\/comments?post=22640"}],"version-history":[{"count":4,"href":"https:\/\/notiz.blog\/wp-api\/wp\/v2\/posts\/22640\/revisions"}],"predecessor-version":[{"id":22704,"href":"https:\/\/notiz.blog\/wp-api\/wp\/v2\/posts\/22640\/revisions\/22704"}],"wp:featuredmedia":[{"embeddable":true,"href":"https:\/\/notiz.blog\/wp-api\/wp\/v2\/media\/22641"}],"wp:attachment":[{"href":"https:\/\/notiz.blog\/wp-api\/wp\/v2\/media?parent=22640"}],"wp:term":[{"taxonomy":"category","embeddable":true,"href":"https:\/\/notiz.blog\/wp-api\/wp\/v2\/categories?post=22640"},{"taxonomy":"post_tag","embeddable":true,"href":"https:\/\/notiz.blog\/wp-api\/wp\/v2\/tags?post=22640"}],"curies":[{"name":"wp","href":"https:\/\/api.w.org\/{rel}","templated":true}]}}