{"id":32994,"date":"2024-08-08T21:10:02","date_gmt":"2024-08-08T19:10:02","guid":{"rendered":"https:\/\/notiz.blog\/?p=32994"},"modified":"2026-02-19T20:30:49","modified_gmt":"2026-02-19T19:30:49","slug":"so-long-and-thanks-for-the-job","status":"publish","type":"post","link":"https:\/\/notiz.blog\/2024\/08\/08\/so-long-and-thanks-for-the-job\/","title":{"rendered":"So Long, and Thanks for the Job"},"content":{"rendered":"\n<p>Twitter hat sich ver\u00e4ndert und das leider nicht zum Guten!<\/p>\n\n\n\n<p>Hier ein paar Schlagzeilen:<\/p>\n\n\n\n<ul class=\"wp-block-list\">\n<li><a href=\"https:\/\/www.vice.com\/en\/article\/elon-musk-twitter-nazis-white-supremacy\/\">Elon Musk Is Turning Twitter Into a Haven for Nazis<\/a><\/li>\n\n\n\n<li><a href=\"https:\/\/www.theverge.com\/2022\/11\/19\/23467280\/donald-trump-twitter-back-elon-musk-poll\">Elon Musk says he\u2019s letting Donald Trump back on Twitter<\/a><\/li>\n\n\n\n<li><a href=\"https:\/\/www.dw.com\/en\/twitters-sacking-of-content-moderators-will-backfire-experts-warn\/a-63778330\">Twitter&#8217;s sacking of content moderators raises concerns<\/a><\/li>\n\n\n\n<li><a href=\"https:\/\/www.vox.com\/technology\/2023\/5\/20\/23730607\/elon-musk-conspiracy-twitter-texas-shooting-bellingcat-taylor-lorenz-psyops\">Elon Musk won\u2019t stop tweeting his way into trouble<\/a><\/li>\n<\/ul>\n\n\n\n<p>Ich habe, um ehrlich zu sein, keine Ahnung, warum ich immer noch bei Twitter bin, und ich glaube, bei Facebook hat damals wesentlich weniger gereicht, <a href=\"https:\/\/notiz.blog\/2018\/11\/22\/facebook\/\">um meinen Account zu l\u00f6schen<\/a>&#8230; <\/p>\n\n\n\n<p>Klar, Twitter war \u00fcber 17 Jahre lang das soziale Netzwerk meiner Wahl und hatte \u00fcber lange Zeit hinweg wenig bis keine Konkurrenz! Ich habe viele spannende und inspirierende Menschen kennengelernt. Twitter hat mir geholfen, mich mit der deutschen Web2.0-Community zu vernetzen. Barcamps und Webmontage wurden \u00fcber Twitter organisiert und diskutiert. Au\u00dferdem verdanke ich Twitter wohl auch meinen aktuellen Traum-Job bei Automattic!<\/p>\n\n\n\n<p>Aber das alleine hat mich die letzten zwei Jahre nicht auf Twitter gehalten. Die Menschen, die mir wichtig sind (inklusive mir), sind weitergezogen und haben das Fediverse f\u00fcr sich entdeckt. Ein besseres Job-Angebot als das von Automattic ist aktuell eher unwahrscheinlich (\ud83d\ude0d) und wenn es hochkommt, schaue ich maximal alle zwei Wochen bei Twitter vorbei, und seit Monaten nutze ich schon keine Twitter-Apps mehr auf meinem Handy oder Computer.<\/p>\n\n\n\n<p>Das was mich h\u00e4lt, kann also nur Nostalgie und die Romantisierung der &#8222;guten alten Zeit&#8220; auf Twitter sein!?!<\/p>\n\n\n\n<p>Ich widme jetzt fast 20 Jahre meiner Zeit der <em>Open Web Idee<\/em> (von <em>Web2.0<\/em> \u00fcber <em>Social Web<\/em> bis hin zum <em>Fediverse<\/em>) und predige auf meiner Seite, <a href=\"https:\/\/notiz.blog\/publications\/\">auf totem Holz<\/a>, <a href=\"https:\/\/notiz.blog\/podcasts\/\">in Podcasts<\/a> und <a href=\"https:\/\/notiz.blog\/speaking\/\">auf Konferenzen<\/a>, wie wichtig es ist sich unabh\u00e4ngig vom &#8222;<a href=\"https:\/\/indieweb.org\/corporate_web\">corporate web<\/a>&#8220; zu machen und die <a href=\"https:\/\/indieweb.org\/own_your_data\">volle Kontrolle \u00fcber seine eigenen Daten<\/a> zu haben.<\/p>\n\n\n\n<p>Nur fair, wenn ich jetzt auch umsetze, was ich da so von mir gebe!<\/p>\n\n\n\n<p>Ich glaube, vielen geht es \u00e4hnlich wie mir: Sie sind unzufrieden mit Twitter, haben ihren Account aber aus Sentimentalit\u00e4t noch nicht gel\u00f6scht. Doch so wird sich langfristig nichts \u00e4ndern. Der einzige wirkungsvolle Protest ist das konsequente L\u00f6schen all dieser inaktiven Profile. Das Netzwerk verdient durch uns und mit uns Geld, und nur wenn die Nutzerzahlen sinken, wird gen\u00fcgend Druck erzeugt! Aber selbst wenn nicht\u2026 das ist dann nicht mehr mein Problem \u263a\ufe0f<\/p>\n\n\n\n<p>Also&#8230;<\/p>\n\n\n\n<figure class=\"wp-block-image aligncenter size-large\"><img data-dominant-color=\"282e35\" data-has-transparency=\"true\" style=\"--dominant-color: #282e35;\" loading=\"lazy\" decoding=\"async\" width=\"900\" height=\"618\" sizes=\"auto, (max-width: 700px) 100vw, 700px\" src=\"https:\/\/notiz.blog\/wp-content\/uploads\/2024\/08\/x-twitter-900x618.png\" alt=\"Ein Screenshot von meinem gel\u00f6schten Twitter-Profil.\" class=\"wp-image-33211 has-transparency\" srcset=\"https:\/\/notiz.blog\/wp-content\/uploads\/2024\/08\/x-twitter-900x618.png 900w, https:\/\/notiz.blog\/wp-content\/uploads\/2024\/08\/x-twitter-700x481.png 700w, https:\/\/notiz.blog\/wp-content\/uploads\/2024\/08\/x-twitter-768x528.png 768w, https:\/\/notiz.blog\/wp-content\/uploads\/2024\/08\/x-twitter-1536x1055.png 1536w, https:\/\/notiz.blog\/wp-content\/uploads\/2024\/08\/x-twitter-2048x1407.png 2048w\" \/><\/figure>\n\n\n\n<p>&#8230;oder um es mit den <a href=\"https:\/\/en.wikipedia.org\/wiki\/Hello,_I_Must_Be_Going_(song)\">Worten von Groucho Marx<\/a> zu sagen:<\/p>\n\n\n\n<blockquote class=\"wp-block-quote is-layout-flow wp-block-quote-is-layout-flow\">\n<p>Hello, I must be going, I cannot stay,<br>I came to say, I must be going.<br>I\u2019m glad I came, but just the same,<br>I must be going.<\/p>\n<\/blockquote>\n\n\n\n<p>Wir sehen uns <a href=\"https:\/\/notiz.blog\/follow\/\">im Fediverse<\/a> \ud83d\udc4b<\/p>\n","protected":false},"excerpt":{"rendered":"<p>Twitter hat sich ver\u00e4ndert und das leider nicht zum Guten! Hier ein paar Schlagzeilen: Ich habe, um ehrlich zu sein, keine Ahnung, warum ich immer noch bei Twitter bin, und ich glaube, bei Facebook hat damals wesentlich weniger gereicht, um meinen Account zu l\u00f6schen&#8230; Klar, Twitter war \u00fcber 17 Jahre lang das soziale Netzwerk meiner [&hellip;]<\/p>\n","protected":false},"author":1,"featured_media":33003,"comment_status":"open","ping_status":"open","sticky":false,"template":"","format":"standard","meta":{"webmentions_disabled_pings":false,"webmentions_disabled":false,"activitypub_content_warning":"","activitypub_content_visibility":"","activitypub_max_image_attachments":4,"activitypub_interaction_policy_quote":"anyone","activitypub_status":"federated","footnotes":""},"categories":[2],"tags":[5171,1103,2131,285,199],"class_list":{"0":"post-32994","1":"post","2":"type-post","3":"status-publish","4":"format-standard","5":"has-post-thumbnail","7":"category-web","8":"tag-fediblog","9":"tag-fediverse","10":"tag-qwitter","11":"tag-twitter","12":"tag-web20","13":"h-entry","14":"hentry"},"_links":{"self":[{"href":"https:\/\/notiz.blog\/wp-api\/wp\/v2\/posts\/32994","targetHints":{"allow":["GET"]}}],"collection":[{"href":"https:\/\/notiz.blog\/wp-api\/wp\/v2\/posts"}],"about":[{"href":"https:\/\/notiz.blog\/wp-api\/wp\/v2\/types\/post"}],"author":[{"embeddable":true,"href":"https:\/\/notiz.blog\/wp-api\/wp\/v2\/users\/1"}],"replies":[{"embeddable":true,"href":"https:\/\/notiz.blog\/wp-api\/wp\/v2\/comments?post=32994"}],"version-history":[{"count":5,"href":"https:\/\/notiz.blog\/wp-api\/wp\/v2\/posts\/32994\/revisions"}],"predecessor-version":[{"id":33224,"href":"https:\/\/notiz.blog\/wp-api\/wp\/v2\/posts\/32994\/revisions\/33224"}],"wp:featuredmedia":[{"embeddable":true,"href":"https:\/\/notiz.blog\/wp-api\/wp\/v2\/media\/33003"}],"wp:attachment":[{"href":"https:\/\/notiz.blog\/wp-api\/wp\/v2\/media?parent=32994"}],"wp:term":[{"taxonomy":"category","embeddable":true,"href":"https:\/\/notiz.blog\/wp-api\/wp\/v2\/categories?post=32994"},{"taxonomy":"post_tag","embeddable":true,"href":"https:\/\/notiz.blog\/wp-api\/wp\/v2\/tags?post=32994"}],"curies":[{"name":"wp","href":"https:\/\/api.w.org\/{rel}","templated":true}]}}