{"id":49161,"date":"2025-02-26T12:26:05","date_gmt":"2025-02-26T11:26:05","guid":{"rendered":"https:\/\/notiz.blog\/?p=49161"},"modified":"2025-11-20T18:26:57","modified_gmt":"2025-11-20T17:26:57","slug":"ein-bisschen-buch","status":"publish","type":"post","link":"https:\/\/notiz.blog\/2025\/02\/26\/ein-bisschen-buch\/","title":{"rendered":"Ein bisschen Buch"},"content":{"rendered":"\n<p><strong>Ich habe ein bisschen Buch geschrieben!<\/strong><\/p>\n\n\n\n<p>Ein Kapitel \u00fcber \u201eIndieWeb und Fediverse\u201c im Fachbuch \u201e<a href=\"https:\/\/www.rheinwerk-verlag.de\/wordpress-das-umfassende-handbuch\/\">WordPress 6 &#8211; Das umfassende Handbuch<\/a>\u201c, erschienen im <a rel=\"mention\" class=\"u-url mention\" href=\"https:\/\/bonn.social\/@rheinwerkverlag\">@rheinwerkverlag<\/a>, um genau zu sein.<\/p>\n\n\n\n<figure class=\"wp-block-image aligncenter size-large\"><picture class=\"wp-picture-49550\" style=\"display: contents;\"><source type=\"image\/webp\" srcset=\"https:\/\/notiz.blog\/wp-content\/uploads\/2025\/02\/IMG_3424-768x1024-jpg.webp 768w, https:\/\/notiz.blog\/wp-content\/uploads\/2025\/02\/IMG_3424-700x933-jpg.webp 700w, https:\/\/notiz.blog\/wp-content\/uploads\/2025\/02\/IMG_3424-1152x1536-jpg.webp 1152w, https:\/\/notiz.blog\/wp-content\/uploads\/2025\/02\/IMG_3424-1536x2048-jpg.webp 1536w, https:\/\/notiz.blog\/wp-content\/uploads\/2025\/02\/IMG_3424-900x1200-jpg.webp 900w, https:\/\/notiz.blog\/wp-content\/uploads\/2025\/02\/IMG_3424-scaled-jpg.webp 1920w\" sizes=\"auto, (max-width: 700px) 100vw, 700px\"><img data-dominant-color=\"a09891\" data-has-transparency=\"false\" style=\"--dominant-color: #a09891;\" loading=\"lazy\" decoding=\"async\" width=\"768\" height=\"1024\" sizes=\"auto, (max-width: 700px) 100vw, 700px\" src=\"https:\/\/notiz.blog\/wp-content\/uploads\/2025\/02\/IMG_3424-768x1024.jpg\" alt=\"Ein Bild der ersten Seite des IndieWeb und Fediverse Kapitels mit einer Autorenbeschreibung und Foto von mir.\" class=\"wp-image-49550 not-transparent\" srcset=\"https:\/\/notiz.blog\/wp-content\/uploads\/2025\/02\/IMG_3424-768x1024.jpg 768w, https:\/\/notiz.blog\/wp-content\/uploads\/2025\/02\/IMG_3424-700x933.jpg 700w, https:\/\/notiz.blog\/wp-content\/uploads\/2025\/02\/IMG_3424-1152x1536.jpg 1152w, https:\/\/notiz.blog\/wp-content\/uploads\/2025\/02\/IMG_3424-1536x2048.jpg 1536w, https:\/\/notiz.blog\/wp-content\/uploads\/2025\/02\/IMG_3424-900x1200.jpg 900w, https:\/\/notiz.blog\/wp-content\/uploads\/2025\/02\/IMG_3424-scaled.jpg 1920w\" \/><\/picture><\/figure>\n\n\n\n<p>Im November 2023 fragten mich <a rel=\"mention\" class=\"u-url mention\" href=\"https:\/\/dewp.space\/@florian\">@florian<\/a> und <a rel=\"mention\" class=\"u-url mention\" href=\"https:\/\/dewp.space\/@simon\">@simon<\/a>, ob ich Zeit und Lust h\u00e4tte, ein Kapitel \u00fcber das IndieWeb zu ihrem Buchprojekt beizusteuern.<\/p>\n\n\n\n<p>Und da sp\u00e4testens seit dem Studium der Plan, ein Buch zu schreiben, auf meiner &#8222;Big 5 for Life&#8220;-Liste steht, habe ich ohne gro\u00df dar\u00fcber nachzudenken zugesagt.<\/p>\n\n\n\n<p>Ich hatte 2007 so viel Spa\u00df und Motivation beim Bloggen. Dazu kamen die Arbeit an meiner Bachelor-Thesis und ein paar Jahre sp\u00e4ter mein <a href=\"https:\/\/notiz.blog\/2009\/03\/27\/webstandards-magazin-und-microformats\/\">erster Artikel<\/a> sowie eine <a href=\"https:\/\/notiz.blog\/2009\/07\/14\/webstandards-kolumne\/\" data-type=\"link\" data-id=\"https:\/\/notiz.blog\/2009\/07\/14\/webstandards-kolumne\/\">fortlaufende Kolumne<\/a> in einem Print-Magazin, dass ich mir gut vorstellen konnte, auch mal ein Buch zu schreiben. Zu der Zeit hatte ich auch bereits Kontakt zu Galileo Press (heute Rheinwerk-Verlag), die mich wegen eines Buchprojekts angefragt hatten. Damals standen die Themen \u201eWeb Accessibility\u201c, \u201ejQuery\u201c und \u201eWordPress (evtl.)\u201c zur Debatte. <a href=\"https:\/\/notiz.blog\/tag\/microformats\/\">Microformats<\/a>, mein damaliges Steckenpferd, wurden leider als \u201enicht unbedingt [&#8230;] &#8222;ergiebig&#8220; genug\u201c f\u00fcr ein Buchthema angesehen. \ud83d\ude42<\/p>\n\n\n\n<p>Jetzt, nachdem ich die 30 Seiten f\u00fcr das Kapitel \u00fcber \u201eIndieWeb und Fediverse\u201c geschrieben habe, bin ich froh, klein angefangen zu haben. Ich habe untersch\u00e4tzt, wie viel Arbeit das ist, aber auch gemerkt, wie viel Spa\u00df es macht! Au\u00dferdem war es die perfekte Themenkombination!<\/p>\n\n\n\n<p>Ich hoffe, dass Flo und Simon (und der Rheinwerk-Verlag) mich vielleicht auch eine \u00dcberarbeitung f\u00fcr das WordPress-7-Buch (und 8, 9, 10, &#8230;) schreiben lassen. Und wer wei\u00df \u2013 vielleicht klappt es ja irgendwann doch noch mit einem ganzen Buch. \ud83d\ude09<\/p>\n\n\n\n<p>Vielen Dank nochmal f\u00fcr die Chance, zumindest ein &#8222;bisschen Buch&#8220; schreiben zu k\u00f6nnen!<\/p>\n\n\n<p><!-- \/wp:post-content --><\/p>\n<p><!-- wp:paragraph --><\/p>\n<p><!-- \/wp:paragraph --><\/p>","protected":false},"excerpt":{"rendered":"<p>Ich habe ein bisschen Buch geschrieben! Ein Kapitel \u00fcber \u201eIndieWeb und Fediverse\u201c im Fachbuch \u201eWordPress 6 &#8211; Das umfassende Handbuch\u201c, erschienen im @rheinwerkverlag, um genau zu sein. Im November 2023 fragten mich @florian und @simon, ob ich Zeit und Lust h\u00e4tte, ein Kapitel \u00fcber das IndieWeb zu ihrem Buchprojekt beizusteuern. Und da sp\u00e4testens seit dem [&hellip;]<\/p>\n","protected":false},"author":1,"featured_media":0,"comment_status":"open","ping_status":"open","sticky":false,"template":"","format":"standard","meta":{"webmentions_disabled_pings":false,"webmentions_disabled":false,"activitypub_content_warning":"","activitypub_content_visibility":"","activitypub_max_image_attachments":4,"activitypub_interaction_policy_quote":"anyone","activitypub_status":"federated","footnotes":""},"categories":[2,946],"tags":[1080,339,5171,1103,992,57],"class_list":{"0":"post-49161","1":"post","2":"type-post","3":"status-publish","4":"format-standard","6":"category-web","7":"category-wordpress","8":"tag-activitypub","9":"tag-buch","10":"tag-fediblog","11":"tag-fediverse","12":"tag-indieweb","13":"tag-wordpress","14":"h-entry","15":"hentry"},"_links":{"self":[{"href":"https:\/\/notiz.blog\/wp-api\/wp\/v2\/posts\/49161","targetHints":{"allow":["GET"]}}],"collection":[{"href":"https:\/\/notiz.blog\/wp-api\/wp\/v2\/posts"}],"about":[{"href":"https:\/\/notiz.blog\/wp-api\/wp\/v2\/types\/post"}],"author":[{"embeddable":true,"href":"https:\/\/notiz.blog\/wp-api\/wp\/v2\/users\/1"}],"replies":[{"embeddable":true,"href":"https:\/\/notiz.blog\/wp-api\/wp\/v2\/comments?post=49161"}],"version-history":[{"count":5,"href":"https:\/\/notiz.blog\/wp-api\/wp\/v2\/posts\/49161\/revisions"}],"predecessor-version":[{"id":56674,"href":"https:\/\/notiz.blog\/wp-api\/wp\/v2\/posts\/49161\/revisions\/56674"}],"wp:attachment":[{"href":"https:\/\/notiz.blog\/wp-api\/wp\/v2\/media?parent=49161"}],"wp:term":[{"taxonomy":"category","embeddable":true,"href":"https:\/\/notiz.blog\/wp-api\/wp\/v2\/categories?post=49161"},{"taxonomy":"post_tag","embeddable":true,"href":"https:\/\/notiz.blog\/wp-api\/wp\/v2\/tags?post=49161"}],"curies":[{"name":"wp","href":"https:\/\/api.w.org\/{rel}","templated":true}]}}