{"id":668,"date":"2007-11-28T00:26:04","date_gmt":"2007-11-27T23:26:04","guid":{"rendered":"http:\/\/notizblog.org\/2007\/11\/28\/barcamp-rhein-neckar-fazit\/"},"modified":"2023-07-28T10:07:03","modified_gmt":"2023-07-28T08:07:03","slug":"barcamp-rhein-neckar-fazit","status":"publish","type":"post","link":"https:\/\/notiz.blog\/2007\/11\/28\/barcamp-rhein-neckar-fazit\/","title":{"rendered":"Barcamp Rhein-Neckar Fazit"},"content":{"rendered":"\n<div class=\"wp-block-image\"><figure class=\"aligncenter\"><img decoding=\"async\" src=\"https:\/\/notiz.blog\/wp-content\/uploads\/2007\/10\/barcamprn.jpg\" alt=\"Barcamp Rhein-Neckar Logo\"\/><\/figure><\/div>\n\n\n\n<p>Am letzten Wochenende gab es zwei Barcamp Premieren: Das erste <a href=\"http:\/\/barcamp.org\/\">Barcamp<\/a> im <a href=\"http:\/\/www.barcamp-rhein-neckar.de\/\">Rhein-Neckar Gebiet<\/a> und mein erstes Barcamp.<\/p>\n\n\n\n<p>Das sch\u00f6ne an Barcamps ist, dass man Personen wie <a href=\"http:\/\/blog.paulinepauline.de\/\">PaulinePauline<\/a> oder Matthias Gutjahr die man bisher nur vom Bloggen oder Twittern kannte endlich mal real trifft.<\/p>\n\n\n\n<p>Es hat mich nat\u00fcrlich auch gefreut <a href=\"https:\/\/www.basicthinking.de\/blog\/\">Dittes<\/a>, Heiko und <a href=\"http:\/\/www.jochen-lillich.de\/\">Jochen<\/a> nach langer Zeit mal wieder \u00fcber den weg zu laufen&#8230; Sch\u00f6ne Gr\u00fc\u00dfe an alle \ud83d\ude42<\/p>\n\n\n\n<h3 class=\"wp-block-heading\">Mein Microformats Vortrag<\/h3>\n\n\n\n<figure class=\"wp-block-embed-slideshare alignwide wp-block-embed is-type-rich is-provider-slideshare aligncenter wp-embed-aspect-1-1 wp-has-aspect-ratio\"><div class=\"wp-block-embed__wrapper\">\nhttps:\/\/www.slideshare.net\/pfefferle\/microformats-183072\n<\/div><\/figure>\n\n\n\n<p>Wer sich meinen Vortrag zu Microformats nochmal anschauen m\u00f6chte kann das gerne bei <a href=\"http:\/\/www.slideshare.net\/pfefferle\/microformats-183072\/\">Slideshare<\/a> tun oder die Kurzzusammenfassung bei <a href=\"https:\/\/web.archive.org\/web\/20071130085621\/http:\/\/www.timoheuer.com:80\/2007\/11\/25\/bcrn-session-microformats-fuer-einsteiger\/\">Timo<\/a> lesen.<\/p>\n\n\n\n<p>Nach dem Vortrag kam noch ein interessantes Gespr\u00e4ch \u00fcber Microformats &amp; Co. mit <a href=\"http:\/\/www.cordobo.de\">Cordobo<\/a>, <a href=\"https:\/\/matthias-gutjahr.de\/\">Mattsches<\/a> und den Jungs von <a href=\"http:\/\/www.dogspot.de\/\">Dogspot<\/a> (ich hoffe sie finden keine Dog-Dance Partnerin f\u00fcr mich) zustande.<\/p>\n\n\n\n<h3 class=\"wp-block-heading\">Barcamp Sessions Zusammenfassung<\/h3>\n\n\n\n<ul class=\"wp-block-list\"><li>Dank Heiko wei\u00df ich jetzt etwas mehr \u00fcber <a href=\"https:\/\/web.archive.org\/web\/20120313072603\/http:\/\/code.google.com\/apis\/opensocial\/\">OpenSocial<\/a><\/li><li><a href=\"https:\/\/www.basicthinking.de\/blog\/\">Robert Basic<\/a> hat mich zum Thema <em>Big Brother &#8222;Google&#8220; is watching you<\/em> etwas sensibilisiert.<\/li><li><a href=\"https:\/\/www.geewiz.dev\/\">Jochen Lillich<\/a> hat seinen Mac viel k\u00fcrzer als ich und kennt sich doch viel besser aus \ud83d\ude09 Danke f\u00fcr die Mac-Tool Tips<\/li><li>Dank <a href=\"http:\/\/blog.oliver-gassner.de\/\">Oliver Gassner<\/a> bin ich jetzt wieder etwas motivierter das Buch &#8222;Getting Things Done&#8220; fertig zu lesen.<\/li><li>&#8230;und es gibt sie wirklich, die <a href=\"https:\/\/web.archive.org\/web\/20060621182731\/http:\/\/www.sturmgewehr.net:80\/\">Sturmgewehr Poesie<\/a><\/li><\/ul>\n\n\n\n<p>Weiter Berichte \u00fcbers Barcamp findet ihr bei <a href=\"https:\/\/web.archive.org\/web\/20100813221501\/http:\/\/blog.ripanti.de:80\/2007\/11\/27\/barcamp-rhein-neckar\/\">Marco<\/a>, <a href=\"https:\/\/web.archive.org\/web\/20080212004359\/http:\/\/www.jochen-lillich.de:80\/barcamp-rheinneckar\">jochn<\/a>, <a href=\"https:\/\/web.archive.org\/web\/20210413044416\/http:\/\/www.numblog.de\/archives\/494-Das-war-das-BarCamp-Rhein-Neckar-in-Mannheim.html\">mattsches<\/a> oder <a href=\"https:\/\/web.archive.org\/web\/20080705030620\/http:\/\/dittes.info\/blog\/2007\/11\/26\/barcamp-rhein-neckar\/\">dittes<\/a> und Barcamp Bilder bei <a href=\"http:\/\/www.flickr.com\/photos\/tags\/barcamprn\">Flickr<\/a>.<\/p>\n\n\n\n<p>Danke nochmal an Marco f\u00fcrs organisieren und chauffieren \ud83d\ude42<\/p>\n","protected":false},"excerpt":{"rendered":"<p>Am letzten Wochenende gab es zwei Barcamp Premieren: Das erste Barcamp im Rhein-Neckar Gebiet und mein erstes Barcamp. Das sch\u00f6ne an Barcamps ist, dass man Personen wie PaulinePauline oder Matthias Gutjahr die man bisher nur vom Bloggen oder Twittern kannte endlich mal real trifft. Es hat mich nat\u00fcrlich auch gefreut Dittes, Heiko und Jochen nach [&hellip;]<\/p>\n","protected":false},"author":1,"featured_media":0,"comment_status":"open","ping_status":"open","sticky":false,"template":"","format":"standard","meta":{"webmentions_disabled_pings":false,"webmentions_disabled":false,"activitypub_content_warning":"","activitypub_content_visibility":"","activitypub_max_image_attachments":4,"activitypub_interaction_policy_quote":"anyone","activitypub_status":"","footnotes":""},"categories":[54],"tags":[288,460,427,164],"class_list":{"0":"post-668","1":"post","2":"type-post","3":"status-publish","4":"format-standard","6":"category-webkultur","7":"tag-barcamp","8":"tag-barcamp-rhein-neckar","9":"tag-mannheim","10":"tag-microformats","11":"h-entry","12":"hentry"},"_links":{"self":[{"href":"https:\/\/notiz.blog\/wp-api\/wp\/v2\/posts\/668","targetHints":{"allow":["GET"]}}],"collection":[{"href":"https:\/\/notiz.blog\/wp-api\/wp\/v2\/posts"}],"about":[{"href":"https:\/\/notiz.blog\/wp-api\/wp\/v2\/types\/post"}],"author":[{"embeddable":true,"href":"https:\/\/notiz.blog\/wp-api\/wp\/v2\/users\/1"}],"replies":[{"embeddable":true,"href":"https:\/\/notiz.blog\/wp-api\/wp\/v2\/comments?post=668"}],"version-history":[{"count":5,"href":"https:\/\/notiz.blog\/wp-api\/wp\/v2\/posts\/668\/revisions"}],"predecessor-version":[{"id":24103,"href":"https:\/\/notiz.blog\/wp-api\/wp\/v2\/posts\/668\/revisions\/24103"}],"wp:attachment":[{"href":"https:\/\/notiz.blog\/wp-api\/wp\/v2\/media?parent=668"}],"wp:term":[{"taxonomy":"category","embeddable":true,"href":"https:\/\/notiz.blog\/wp-api\/wp\/v2\/categories?post=668"},{"taxonomy":"post_tag","embeddable":true,"href":"https:\/\/notiz.blog\/wp-api\/wp\/v2\/tags?post=668"}],"curies":[{"name":"wp","href":"https:\/\/api.w.org\/{rel}","templated":true}]}}